{"id":25564,"date":"2026-01-23T13:20:04","date_gmt":"2026-01-23T13:20:04","guid":{"rendered":"https:\/\/elettratlc.it\/?p=25564"},"modified":"2026-01-26T08:30:22","modified_gmt":"2026-01-26T08:30:22","slug":"rafforziamo-la-nostra-presenza-digitale","status":"publish","type":"post","link":"https:\/\/elettratlc.it\/en\/rafforziamo-la-nostra-presenza-digitale\/","title":{"rendered":"Strengthening our digital presence"},"content":{"rendered":"<p>Today our company starts a new stage of expansion with the launch of the new company website, a renewed space that looks towards the future and tells our story in a more cutting-edge, clear and accessible way.<\/p>\n<p>The project stems from the need to make our identity more visible and recognisable, enhancing the skills, activities and values that have always guided our daily work.<\/p>\n<p><strong>A site designed to tell the story of our identity and skillset<\/strong><\/p>\n<p>The new site represents much more than a graphic or visual update. This is a communication tool designed to offer a thorough view of Elettra, as well as our services offered and the operational approach that defines each and every project.<\/p>\n<p>The content structure and the browsing experience have been redesigned to accompany visitors, clients and partners to discover the company in a simple, direct and coherent dway.<\/p>\n<p><strong>The official social media channels are also underway<\/strong><\/p>\n<p class=\"translation-block\">In parallel with the launch of the site, we are also open our official social media channels on  <a href=\"https:\/\/www.linkedin.com\/company\/elettra-tlc-s-p-a\/\" target=\"_self\">LinkedIn<\/a> and <a href=\"https:\/\/www.instagram.com\/elettratlc\/\" target=\"_self\">Instagram<\/a>. hese will be new places for storytelling and sharing, dedicated to the projects, people and stories that shape the company every day.<\/p>\n<p>Through social media, we want to build a more open and continuous dialogue, showing our work in the field, along with our professional experience and the values that are at the foundation of corporate life.<\/p>\n<p><strong>More open and informed communication<\/strong><\/p>\n<p>This new digital presence marks an important step. For the first time in our history, we have chosen to structure our external communication in an organic way, creating a new visibility of what has always been our defining trait as a company.<\/p>\n<p>Telling our story today means creating connections, sharing vision and strengthening our bond with the territory, partners and people around the world.<\/p>\n<p><strong>Looking towards the future<\/strong><\/p>\n<p>The new website and social media channels represent a starting point for a constantly evolving approach to communication.<\/p>\n<p>We kindly invite you to explore Elettra's new digital space and follow us on our official social media channels to stay updated on the company's activities, projects and news.<\/p>","protected":false},"excerpt":{"rendered":"<p>Da oggi la nostra azienda avvia una nuova fase del suo percorso di crescita con il lancio del nuovo sito aziendale, uno spazio rinnovato che guarda al futuro e racconta l\u2019azienda in modo pi\u00f9 attuale, chiaro e accessibile. Il progetto nasce dall\u2019esigenza di rendere pi\u00f9 visibile e riconoscibile la nostra identit\u00e0, valorizzando competenze, attivit\u00e0 e [&hellip;]<\/p>\n","protected":false},"author":4,"featured_media":25582,"comment_status":"open","ping_status":"open","sticky":false,"template":"","format":"standard","meta":{"footnotes":""},"categories":[59],"tags":[66,65,64],"class_list":["post-25564","post","type-post","status-publish","format-standard","has-post-thumbnail","hentry","category-comunicazione","tag-comunicazione","tag-elettra","tag-nuovo-sito"],"_links":{"self":[{"href":"https:\/\/elettratlc.it\/en\/wp-json\/wp\/v2\/posts\/25564","targetHints":{"allow":["GET"]}}],"collection":[{"href":"https:\/\/elettratlc.it\/en\/wp-json\/wp\/v2\/posts"}],"about":[{"href":"https:\/\/elettratlc.it\/en\/wp-json\/wp\/v2\/types\/post"}],"author":[{"embeddable":true,"href":"https:\/\/elettratlc.it\/en\/wp-json\/wp\/v2\/users\/4"}],"replies":[{"embeddable":true,"href":"https:\/\/elettratlc.it\/en\/wp-json\/wp\/v2\/comments?post=25564"}],"version-history":[{"count":12,"href":"https:\/\/elettratlc.it\/en\/wp-json\/wp\/v2\/posts\/25564\/revisions"}],"predecessor-version":[{"id":25585,"href":"https:\/\/elettratlc.it\/en\/wp-json\/wp\/v2\/posts\/25564\/revisions\/25585"}],"wp:featuredmedia":[{"embeddable":true,"href":"https:\/\/elettratlc.it\/en\/wp-json\/wp\/v2\/media\/25582"}],"wp:attachment":[{"href":"https:\/\/elettratlc.it\/en\/wp-json\/wp\/v2\/media?parent=25564"}],"wp:term":[{"taxonomy":"category","embeddable":true,"href":"https:\/\/elettratlc.it\/en\/wp-json\/wp\/v2\/categories?post=25564"},{"taxonomy":"post_tag","embeddable":true,"href":"https:\/\/elettratlc.it\/en\/wp-json\/wp\/v2\/tags?post=25564"}],"curies":[{"name":"wp","href":"https:\/\/api.w.org\/{rel}","templated":true}]}}